[{"@context":"https:\/\/schema.org\/","@type":"Article","@id":"https:\/\/www.ojai.cz\/jaky-postoj-zaujimate-ke-klimatizaci\/#Article","mainEntityOfPage":"https:\/\/www.ojai.cz\/jaky-postoj-zaujimate-ke-klimatizaci\/","headline":"Jak\u00fd postoj zauj\u00edm\u00e1te ke klimatizaci","name":"Jak\u00fd postoj zauj\u00edm\u00e1te ke klimatizaci","description":"\u0158\u00edk\u00e1 v\u00e1m n\u011bco p\u0159\u00edslov\u00ed \u201eSyt\u00fd hladov\u00e9mu nev\u011b\u0159\u00ed\u201c? Mnoho lid\u00ed netr\u00e1p\u00ed ciz\u00ed ne\u0161t\u011bst\u00ed a ani nemaj\u00ed z\u00e1jem jej \u0159e\u0161it. Teprve a\u017e","datePublished":"2023-02-10","dateModified":"2024-02-01","author":{"@type":"Person","@id":"https:\/\/www.ojai.cz\/author\/#Person","name":"","url":"https:\/\/www.ojai.cz\/author\/","identifier":1,"image":{"@type":"ImageObject","@id":"https:\/\/secure.gravatar.com\/avatar\/093836c6bc976bea6a4c3cd39f9136c261430c33201aa865249fef2be34e3fdb?s=96&d=mm&r=g","url":"https:\/\/secure.gravatar.com\/avatar\/093836c6bc976bea6a4c3cd39f9136c261430c33201aa865249fef2be34e3fdb?s=96&d=mm&r=g","height":96,"width":96}},"publisher":{"@type":"Organization","name":"ojai.cz","logo":{"@type":"ImageObject","@id":"\/logo.png","url":"\/logo.png","width":600,"height":60}},"image":{"@type":"ImageObject","@id":"https:\/\/www.ojai.cz\/wp-content\/uploads\/air-conditioner-g5fd1eaf01_640.jpg","url":"https:\/\/www.ojai.cz\/wp-content\/uploads\/air-conditioner-g5fd1eaf01_640.jpg","height":0,"width":0},"url":"https:\/\/www.ojai.cz\/jaky-postoj-zaujimate-ke-klimatizaci\/","about":["V\u00fdrobky"],"wordCount":431,"articleBody":"          \u0158\u00edk\u00e1 v\u00e1m n\u011bco p\u0159\u00edslov\u00ed \u201eSyt\u00fd hladov\u00e9mu nev\u011b\u0159\u00ed\u201c? Mnoho lid\u00ed netr\u00e1p\u00ed ciz\u00ed ne\u0161t\u011bst\u00ed a ani nemaj\u00ed z\u00e1jem jej \u0159e\u0161it. Teprve a\u017e v okam\u017eiku, kdy dojde \u0159ada na n\u011b, za\u010dnou se o problematiku v\u00edce zaj\u00edmat. Tento psychologick\u00fd jev je zalo\u017een na vlastn\u00ed zku\u0161enosti a tak\u00e9 empatii a m\u00e1te-li \u0161t\u011bst\u00ed na p\u0159\u00e1tele, kte\u0159\u00ed empati\u010dt\u00ed jsou, m\u016f\u017eete si gratulovat k velk\u00e9mu \u0161t\u011bst\u00ed.Empatie se tak\u00e9 t\u00fdk\u00e1 instalac\u00ed klimatizace v objektech, kde n\u00e1m z\u00e1le\u017e\u00ed na n\u011bkom, kdo na tom nen\u00ed po zdravotn\u00ed str\u00e1nce nejl\u00e9pe, a kdo pot\u0159ebuje na\u0161i pomoc. Mohou to b\u00fdt nap\u0159\u00edklad senio\u0159i, lid\u00e9 po operac\u00edch a v rekonvalescenci, kardiaci, t\u011bhotn\u00e9 budouc\u00ed maminky, anebo mal\u00e9 d\u011bti \u2013 zejm\u00e9na batolata a kojenci. Pobyt v prost\u0159ed\u00ed, kde klimatizace je jen pr\u00e1zdn\u00fdm pojmem, a kde letn\u00ed teploty stoupaj\u00ed do tropick\u00fdch hodnot, je zejm\u00e9na ve m\u011bstech nesm\u00edrn\u011b skli\u010duj\u00edc\u00ed, stresuj\u00edc\u00ed a mnohdy i \u017eivot ohro\u017euj\u00edc\u00ed.Chra\u0148te se p\u0159ed \u00fapalem\u00dapal je definov\u00e1n jako p\u0159eh\u0159\u00e1t\u00ed organismu vlivem extr\u00e9mn\u00edch vn\u011bj\u0161\u00edch teplot. Paradoxn\u011b si jej m\u016f\u017eete p\u0159ivodit i v zim\u011b v p\u0159etopen\u00e9m autobusu s vyd\u00fdchan\u00fdm vzduchem, ov\u0161em p\u0159ece jen je \u010dast\u011bj\u0161\u00ed v obdob\u00ed letn\u00edch veder. Ta pokud uhod\u00ed a nehodlaj\u00ed ustoupit ani po uplynut\u00ed \u010dtrn\u00e1cti dn\u016f, mohou p\u0159in\u00e9st katastrof\u00e1ln\u00ed n\u00e1sledky a mnoho p\u0159ed\u010dasn\u00fdch \u00famrt\u00ed.Pr\u00e1v\u011b z tohoto d\u016fvodu, a zvl\u00e1\u0161t\u011b pak ve zmi\u0148ovan\u00fdch m\u011bstsk\u00fdch oblastech, je instalace klimatizace t\u00edm jedin\u00fdm \u0159e\u0161en\u00edm, jak se probl\u00e9m\u016fm d\u016fsledn\u011b vyhnout. M\u00e1te-li ji k dispozici, nen\u00ed nutn\u00e9 m\u00edt ji v provozu \u0159adu t\u00fddn\u016f a m\u011bs\u00edc\u016f v roce, i kdy\u017e to samoz\u0159ejm\u011b teoreticky mo\u017en\u00e9 je, klimatizace v Plzni v\u00e1m poslou\u017e\u00ed t\u0159eba jen po dobu dvou \u010di t\u0159\u00ed t\u00fddn\u016f, kdy jsou vedra ji\u017e nesnesiteln\u00e1.Klimatizac\u00ed lze tak\u00e9 p\u0159it\u00e1p\u011bt, co\u017e se m\u016f\u017ee hodit v mezidob\u00ed, kdy je\u0161t\u011b m\u011bstsk\u00e1 kotelna neza\u010dala dod\u00e1vat d\u00e1lkov\u00e9 teplo, ale p\u0159esto je ji\u017e v byt\u011b nep\u0159\u00edjemn\u00e9 chladno a nem\u00e1te, jak se zah\u0159\u00e1t. Ocen\u00edte to zejm\u00e9na v situaci, kdy doma vykon\u00e1v\u00e1te sedav\u00e9 zam\u011bstn\u00e1n\u00ed a podobn\u00e9 \u010dinnosti, kdy jste pohybov\u011b omezeni a nem\u016f\u017eete se zah\u0159\u00e1t fyzickou aktivitou.                                                                                                                                                                                                                                                                                                                                                                                          4\/5 - (10 votes)        "},{"@context":"https:\/\/schema.org\/","@type":"BreadcrumbList","itemListElement":[{"@type":"ListItem","position":1,"name":"Jak\u00fd postoj zauj\u00edm\u00e1te ke klimatizaci","item":"https:\/\/www.ojai.cz\/jaky-postoj-zaujimate-ke-klimatizaci\/#breadcrumbitem"}]}]