[{"@context":"https:\/\/schema.org\/","@type":"Article","@id":"https:\/\/www.ojai.cz\/oranzova-barva-verejneho-osvetleni\/#Article","mainEntityOfPage":"https:\/\/www.ojai.cz\/oranzova-barva-verejneho-osvetleni\/","headline":"Oran\u017eov\u00e1 barva ve\u0159ejn\u00e9ho osv\u011btlen\u00ed","name":"Oran\u017eov\u00e1 barva ve\u0159ejn\u00e9ho osv\u011btlen\u00ed","description":"\u017divot v podob\u011b, v jak\u00e9 jej zn\u00e1me na planet\u011b Zemi, by nemohl existovat bez slunce. Planety kolem n\u011bj ob\u00edhaj\u00ed, ale","datePublished":"2018-09-05","dateModified":"2023-05-02","author":{"@type":"Person","@id":"https:\/\/www.ojai.cz\/author\/#Person","name":"","url":"https:\/\/www.ojai.cz\/author\/","identifier":1,"image":{"@type":"ImageObject","@id":"https:\/\/secure.gravatar.com\/avatar\/093836c6bc976bea6a4c3cd39f9136c261430c33201aa865249fef2be34e3fdb?s=96&d=mm&r=g","url":"https:\/\/secure.gravatar.com\/avatar\/093836c6bc976bea6a4c3cd39f9136c261430c33201aa865249fef2be34e3fdb?s=96&d=mm&r=g","height":96,"width":96}},"publisher":{"@type":"Organization","name":"ojai.cz","logo":{"@type":"ImageObject","@id":"\/logo.png","url":"\/logo.png","width":600,"height":60}},"image":{"@type":"ImageObject","@id":"https:\/\/www.ojai.cz\/wp-content\/uploads\/img_a326186_w2633_t1538299038.jpg","url":"https:\/\/www.ojai.cz\/wp-content\/uploads\/img_a326186_w2633_t1538299038.jpg","height":0,"width":0},"url":"https:\/\/www.ojai.cz\/oranzova-barva-verejneho-osvetleni\/","about":["V\u00fdrobky"],"wordCount":437,"articleBody":"\u017divot v podob\u011b, v jak\u00e9 jej zn\u00e1me na planet\u011b Zemi, by nemohl existovat bez slunce. Planety kolem n\u011bj ob\u00edhaj\u00ed, ale p\u0159edev\u0161\u00edm je slunce z\u00e1sobuje sv\u011btlem a teplem, velmi \u0161irok\u00fdm spektrem z\u00e1\u0159en\u00ed. Denn\u00ed slune\u010dn\u00ed svit pak vn\u00edm\u00e1me jako dokonal\u00e9 b\u00edl\u00e9 sv\u011btlo, kter\u00e9 pomoc\u00ed UV slo\u017eky z\u00e1\u0159en\u00ed pom\u00e1h\u00e1 vytv\u00e1\u0159et oza\u0159ov\u00e1n\u00edm poko\u017eky vitam\u00edn D, a z\u00e1rove\u0148 \u0159\u00edd\u00ed na\u0161e t\u011blesn\u00e9 pochody a hormon\u00e1ln\u00ed zm\u011bny. Na\u0161e t\u011blo zkr\u00e1tka m\u011bn\u00ed sv\u00e9 biorytmy podle toho, zda jde o den, nebo noc. Sod\u00edkov\u00e9 vysokotlak\u00e9 v\u00fdbojky Denn\u00ed slune\u010dn\u00ed sv\u011btlo vn\u00edm\u00e1me jako p\u0159irozen\u00e9 prost\u0159ed\u00ed pro bd\u011blost a aktivitu a se z\u00e1padem slunce se tak\u00e9 m\u011bn\u00ed sv\u011bteln\u00e9 spektrum ve\u010dern\u00ed oblohy. Ta se barv\u00ed do odst\u00edn\u016f \u017elut\u00e9 a oran\u017eov\u00e9 a tyto tepl\u00e9 barevn\u00e9 t\u00f3ny navozuj\u00ed pocity relaxace a uvoln\u011bn\u00ed. V t\u011bchto chv\u00edl\u00edch se tak\u00e9 obvykle sp\u00edn\u00e1 ve\u0159ejn\u00e9 osv\u011btlen\u00ed. A m\u00e1 zpravidla \u017elutooran\u017eovou barvu. Pro\u010d tomu tak je a zda je to dobr\u00e9, \u010di nikoliv, na to existuje jednoduch\u00e1 odpov\u011b\u010f. Pokud pomineme plynov\u00e9 lampy, kter\u00e9 byly p\u0159edch\u016fdcem elektrick\u00e9ho osv\u011btlen\u00ed, prvn\u00ed skute\u010dn\u00e1 v\u00fdkonn\u00e1 sv\u011btla byly rtu\u0165ov\u00e9 vysokotlak\u00e9 v\u00fdbojky. Vyza\u0159ovaly pom\u011brn\u011b jasn\u00e9 b\u00edl\u00e9 sv\u011btlo a navozovaly dojem pokra\u010dov\u00e1n\u00ed denn\u00edho cyklu. M\u011blo to v\u0161ak za n\u00e1sledek naru\u0161en\u00ed p\u0159irozen\u00e9ho sp\u00e1nkov\u00e9ho re\u017eimu v m\u00edstech, kde sv\u011btlo pronikalo do m\u00edstnosti. \u010casem se v\u0161ak objevil vyn\u00e1lez sod\u00edkov\u00e9 v\u00fdbojky, kter\u00fd v\u0161echno zm\u011bnil. V\u00fdboj sod\u00edkov\u00fdch par toti\u017e m\u011bn\u00ed barvu sv\u011btla do \u017elut\u00e9 a\u017e oran\u017eov\u00e9 a p\u0159ibli\u017euje tak osv\u011btlen\u00fd prostor sp\u00ed\u0161e barv\u011b obzoru p\u0159i z\u00e1padu slunce. Na\u0161e t\u011blo vn\u00edm\u00e1 sv\u011btla ze sod\u00edkov\u00fdch v\u00fdbojek p\u0159\u00edzniv\u011bji a je tak\u0159ka ide\u00e1ln\u00ed pr\u00e1v\u011b ve ve\u010dern\u00edch hodin\u00e1ch, kdy se \u010dlov\u011bk chyst\u00e1 brzy ulehnout k sp\u00e1nku. Sv\u011btla pro \u0159idi\u010de A\u010dkoliv m\u00e1 tento typ osv\u011btlovac\u00ed techniky sp\u00ed\u0161e v\u00fdhodu pro p\u0159irozen\u00fd t\u011blesn\u00fd cyklus, \u0159idi\u010di automobil\u016f by rad\u011bji uv\u00edtali v\u00edce modr\u00e9 slo\u017eky a chladn\u011bj\u0161\u00ed barvu sv\u011btla, \u017elut\u00e1 a oran\u017eov\u00e1 toti\u017e pozornost sp\u00ed\u0161e rozptyluj\u00ed, tlum\u00ed a zp\u016fsobuj\u00ed \u00fanavu, a \u0159idi\u010di za volantem mohou b\u00fdt dokonce ohro\u017eeni mikrosp\u00e1nkem.                                                                                                                                                                                                                                                                                                                                                                                         4\/5 - (9 votes)        "},{"@context":"https:\/\/schema.org\/","@type":"BreadcrumbList","itemListElement":[{"@type":"ListItem","position":1,"name":"Oran\u017eov\u00e1 barva ve\u0159ejn\u00e9ho osv\u011btlen\u00ed","item":"https:\/\/www.ojai.cz\/oranzova-barva-verejneho-osvetleni\/#breadcrumbitem"}]}]