[{"@context":"https:\/\/schema.org\/","@type":"Article","@id":"https:\/\/www.ojai.cz\/podzim-na-zahradce\/#Article","mainEntityOfPage":"https:\/\/www.ojai.cz\/podzim-na-zahradce\/","headline":"Podzim na zahr\u00e1dce","name":"Podzim na zahr\u00e1dce","description":"Pro zahr\u00e1dk\u00e1\u0159e je za\u010d\u00e1tek podzimu nejkr\u00e1sn\u011bj\u0161\u00edm a z\u00e1rove\u0148 nejsmutn\u011bj\u0161\u00edm obdob\u00edm. Nejkr\u00e1sn\u011bj\u0161\u00ed v tom, \u017ee vrchol\u00ed sklize\u0148 ovoce a zeleniny a","datePublished":"2025-02-24","dateModified":"2023-05-02","author":{"@type":"Person","@id":"https:\/\/www.ojai.cz\/author\/#Person","name":"","url":"https:\/\/www.ojai.cz\/author\/","identifier":1,"image":{"@type":"ImageObject","@id":"https:\/\/secure.gravatar.com\/avatar\/093836c6bc976bea6a4c3cd39f9136c261430c33201aa865249fef2be34e3fdb?s=96&d=mm&r=g","url":"https:\/\/secure.gravatar.com\/avatar\/093836c6bc976bea6a4c3cd39f9136c261430c33201aa865249fef2be34e3fdb?s=96&d=mm&r=g","height":96,"width":96}},"publisher":{"@type":"Organization","name":"ojai.cz","logo":{"@type":"ImageObject","@id":"\/logo.png","url":"\/logo.png","width":600,"height":60}},"image":{"@type":"ImageObject","@id":"https:\/\/www.ojai.cz\/wp-content\/uploads\/img_a328666_w2633_t1540830697.jpg","url":"https:\/\/www.ojai.cz\/wp-content\/uploads\/img_a328666_w2633_t1540830697.jpg","height":0,"width":0},"url":"https:\/\/www.ojai.cz\/podzim-na-zahradce\/","about":["D\u016fm a zahrada"],"wordCount":443,"articleBody":" Pro zahr\u00e1dk\u00e1\u0159e je za\u010d\u00e1tek podzimu nejkr\u00e1sn\u011bj\u0161\u00edm a z\u00e1rove\u0148 nejsmutn\u011bj\u0161\u00edm obdob\u00edm. Nejkr\u00e1sn\u011bj\u0161\u00ed v tom, \u017ee vrchol\u00ed sklize\u0148 ovoce a zeleniny a u\u017e\u00edv\u00e1me si tak plod\u016f na\u0161\u00ed celoro\u010dn\u00ed p\u00e9\u010de. Stromy se za\u010d\u00ednaj\u00ed vybarvovat nejr\u016fzn\u011bj\u0161\u00edmi odst\u00edny, a i kdy\u017e na zahr\u00e1dce ji\u017e nekvetou skoro \u017e\u00e1dn\u00e9 kv\u011btiny, hraje obrovskou paletou barev. Nejsmutn\u011bj\u0161\u00ed v tom smyslu, \u017ee se p\u0159\u00edroda chyst\u00e1 k zimn\u00edmu sp\u00e1nku a pohodov\u00e9 dny odpo\u010dinku a pohybu na zahr\u00e1dce kon\u010d\u00ed. Nast\u00e1v\u00e1 \u010das dlouh\u00e9ho zimn\u00edho \u010dek\u00e1n\u00ed na prvn\u00ed jarn\u00ed kv\u00edtky, zv\u011bstuj\u00edc\u00ed op\u011bt probouzen\u00ed kv\u011bteny a p\u0159\u00edjemn\u011b str\u00e1ven\u00fd \u010das na zahr\u00e1dce.  Zahradn\u00edk\u016fv rok za\u010d\u00edn\u00e1 pr\u00e1v\u011b podzimem, kdy se p\u0159ipravuje p\u016fda pro p\u0159\u00ed\u0161t\u00ed rok. Do voln\u00fdch z\u00e1honk\u016f je ide\u00e1ln\u00ed zar\u00fdt kompost nebo hn\u016fj, aby se do p\u016fdy doplnilo dostatek \u017eivin pro jarn\u00ed v\u00fdsev. Zbavujeme se ji\u017e odkvetl\u00fdch a such\u00fdch rostlin. Uschl\u00e9 stonky ust\u0159ihneme u p\u016fdy, aby mohli rostlinky z jara op\u011bt obrazit a nic jim v tom nebr\u00e1nilo. Odkvetl\u00e9 jednolet\u00e9 plodiny vyt\u00e1hneme cel\u00e9 i s ko\u0159enem.  Rostliny, kter\u00e9 jsou n\u00e1chyln\u00e9 na mraz\u00edky, je dobr\u00e9 zazimovat. Men\u0161\u00ed rostlinky jako jahody a bylinky sta\u010d\u00ed p\u0159ikr\u00fdt chvoj\u00edm z jehli\u010dnat\u00fdch v\u011btvi\u010dek. Men\u0161\u00ed ke\u0159e a mal\u00e9 stromky je vhodn\u00e9 zabalit do zahr\u00e1dk\u00e1\u0159sk\u00e9 textilie, ta rostlinky ochr\u00e1n\u00ed p\u0159ed mrazy. Je dobr\u00e9 nechat rostlinky zabalen\u00e9 a\u017e do ledov\u00fdch mu\u017e\u00edk\u016f, i kdy\u017e u\u017e pod textili\u00ed za\u010d\u00ednaj\u00ed hojn\u011b ra\u0161it. P\u0159edejdete tak zbyte\u010dn\u00e9mu pomrznut\u00ed nov\u00fdch v\u00fdhonk\u016f rann\u00edm p\u0159\u00edzemn\u00edm mraz\u00edkem. Kdy\u017e u\u017e je v b\u0159eznu a dubnu kr\u00e1sn\u00e9 slune\u010dn\u00e9 po\u010das\u00ed, neznamen\u00e1 to, \u017ee nemohou uhodit n\u00e1hle p\u0159\u00edzemn\u00ed mraz\u00edky a n\u00e1dhern\u011b rozjet\u00e9 mlad\u00e9 v\u00fdhonky p\u0159ijdou vnive\u010d. V tomto p\u0159\u00edpad\u011b se rozhodn\u011b vyplat\u00ed po\u010dkat, nav\u00edc rostlink\u00e1m je v mini sklen\u00edku l\u00e9pe a m\u016f\u017eou tak rozjet po\u0159\u00e1dn\u00e9 bujen\u00ed. Pokud m\u00e1me na zahr\u00e1dce n\u011bjakou n\u00e1dr\u017e na vodu, je dobr\u00e9 n\u00e1dobu na zimu vypustit, aby po zamrznut\u00ed nepraskla.  Venkovn\u00ed zahradn\u00ed n\u00e1bytek je vhodn\u00e9 uklidit alespo\u0148 pod st\u0159\u00ed\u0161ku a zakr\u00fdt igelitem. Nejlep\u0161\u00ed je n\u00e1bytek uschovat do zahradn\u00edho domku, sklepa nebo gar\u00e1\u017ee. V zim\u011b n\u00e1s ji\u017e \u010dek\u00e1 jen pro\u0159ez\u00e1n\u00ed ovocn\u00fdch stromk\u016f a syp\u00e1n\u00ed sem\u00ednek pt\u00e1\u010dk\u016fm do krm\u00edtka.                                                                                                                                                                                                                                                                                                                                                                                         4.7\/5 - (6 votes)        "},{"@context":"https:\/\/schema.org\/","@type":"BreadcrumbList","itemListElement":[{"@type":"ListItem","position":1,"name":"Podzim na zahr\u00e1dce","item":"https:\/\/www.ojai.cz\/podzim-na-zahradce\/#breadcrumbitem"}]}]